{"id":324,"date":"2019-05-15T18:10:44","date_gmt":"2019-05-15T16:10:44","guid":{"rendered":"http:\/\/quilt.zi-tronik.de\/?p=324"},"modified":"2020-01-13T19:27:25","modified_gmt":"2020-01-13T18:27:25","slug":"tree-of-life","status":"publish","type":"post","link":"https:\/\/bizi-quilting.de\/?p=324","title":{"rendered":"&#8222;Tree of life&#8220;"},"content":{"rendered":"<p>Beim Besuch der diesj\u00e4hrigen Nadelwelt in Karlsruhe habe ich das Panel mit dem Lebensbaum von Klimt gekauft, nicht zuletzt weil ich das Motiv vor einigen Jahren auf eine Porzellanplatte gemalt hatte.<\/p>\n<p>ngg_shortcode_0_placeholder<br \/>\nDas Quiltmuster ergab sich wie von selbst durch das Motiv, einige Spiralen und Bubbles habe ich zus\u00e4tzlich gequiltet, um eine gleichm\u00e4\u00dfige Dichte des Quiltings zu erreichen. F\u00fcr das Binding fand ich einen passenden schwarzen Druck mit ein wenig Golddruck.<\/p>\n","protected":false},"excerpt":{"rendered":"<p>Beim Besuch der diesj\u00e4hrigen Nadelwelt in Karlsruhe habe ich das Panel mit dem Lebensbaum von Klimt gekauft, nicht zuletzt weil ich das Motiv vor einigen Jahren auf eine Porzellanplatte gemalt hatte. Das Quiltmuster ergab sich wie von selbst durch das<\/p>\n","protected":false},"author":1,"featured_media":0,"comment_status":"open","ping_status":"open","sticky":false,"template":"","format":"standard","meta":{"ngg_post_thumbnail":0,"_jetpack_memberships_contains_paid_content":false,"footnotes":"","jetpack_publicize_message":"","jetpack_publicize_feature_enabled":true,"jetpack_social_post_already_shared":false,"jetpack_social_options":{"image_generator_settings":{"template":"highway","default_image_id":0,"font":"","enabled":false},"version":2}},"categories":[1],"tags":[13,12],"class_list":["post-324","post","type-post","status-publish","format-standard","hentry","category-uncategorized","tag-klimt","tag-tree-of-life"],"jetpack_publicize_connections":[],"jetpack_featured_media_url":"","jetpack_sharing_enabled":true,"_links":{"self":[{"href":"https:\/\/bizi-quilting.de\/index.php?rest_route=\/wp\/v2\/posts\/324","targetHints":{"allow":["GET"]}}],"collection":[{"href":"https:\/\/bizi-quilting.de\/index.php?rest_route=\/wp\/v2\/posts"}],"about":[{"href":"https:\/\/bizi-quilting.de\/index.php?rest_route=\/wp\/v2\/types\/post"}],"author":[{"embeddable":true,"href":"https:\/\/bizi-quilting.de\/index.php?rest_route=\/wp\/v2\/users\/1"}],"replies":[{"embeddable":true,"href":"https:\/\/bizi-quilting.de\/index.php?rest_route=%2Fwp%2Fv2%2Fcomments&post=324"}],"version-history":[{"count":4,"href":"https:\/\/bizi-quilting.de\/index.php?rest_route=\/wp\/v2\/posts\/324\/revisions"}],"predecessor-version":[{"id":496,"href":"https:\/\/bizi-quilting.de\/index.php?rest_route=\/wp\/v2\/posts\/324\/revisions\/496"}],"wp:attachment":[{"href":"https:\/\/bizi-quilting.de\/index.php?rest_route=%2Fwp%2Fv2%2Fmedia&parent=324"}],"wp:term":[{"taxonomy":"category","embeddable":true,"href":"https:\/\/bizi-quilting.de\/index.php?rest_route=%2Fwp%2Fv2%2Fcategories&post=324"},{"taxonomy":"post_tag","embeddable":true,"href":"https:\/\/bizi-quilting.de\/index.php?rest_route=%2Fwp%2Fv2%2Ftags&post=324"}],"curies":[{"name":"wp","href":"https:\/\/api.w.org\/{rel}","templated":true}]}}