{"id":341,"date":"2019-09-30T18:04:05","date_gmt":"2019-09-30T16:04:05","guid":{"rendered":"http:\/\/quilt.zi-tronik.de\/?p=341"},"modified":"2020-02-27T17:46:20","modified_gmt":"2020-02-27T16:46:20","slug":"die-nadelkunst-hat-sich-etabliert","status":"publish","type":"post","link":"https:\/\/bizi-quilting.de\/?p=341","title":{"rendered":"&#8222;Die Nadelkunst hat sich etabliert&#8220;"},"content":{"rendered":"<p>So lautet die Schlagzeile in den Fr\u00e4nkischen Nachrichten vom 02.10.2019, auch dieses Jahr kamen wieder etwa 3000 Besucher.<\/p>\n<p>Teilweise sind die Besucher mit Bussen angereist, nicht nur aus der n\u00e4heren Umgebung. Einige sind sogar aus dem Saarland angereist.&nbsp;<\/p>\n<p>Die drei Tage incl. Vorbereitung waren arbeitsintensiv, haben viel Freude gemacht. Da noch am gleichen Abend alles wieder abgebaut werden musste, waren wir danach ziemlich groggy. Ich habe mich allerdings auch sehr gefreut, dass ich bei der Verabschiedung bereits gefragt wurde, ob ich bei der n\u00e4chsten Nadelkunst im September 2021 wieder teilnehmen m\u00f6chte. Meine Pr\u00e4sentation ist wohl gut angekommen. Evtl. w\u00fcrde ich dann einen Workshop oder selbst erstellte Anleitungen anbieten. Aber bis dahin flie\u00dft noch viel Wasser die Queich bzw. die Tauber hinunter.<\/p>\n<p>Ab morgen ist erst mal Urlaub angesagt &#8211; nat\u00fcrlich nicht ohne Handarbeit!<\/p>\n<p>Happy Quilting<\/p>\n<p>Birgit<\/p>\n","protected":false},"excerpt":{"rendered":"<p>So lautet die Schlagzeile in den Fr\u00e4nkischen Nachrichten vom 02.10.2019, auch dieses Jahr kamen wieder etwa 3000 Besucher. Teilweise sind die Besucher mit Bussen angereist, nicht nur aus der n\u00e4heren Umgebung. Einige sind sogar aus dem Saarland angereist.&nbsp; Die drei<\/p>\n","protected":false},"author":1,"featured_media":0,"comment_status":"open","ping_status":"open","sticky":false,"template":"","format":"standard","meta":{"ngg_post_thumbnail":0,"_jetpack_memberships_contains_paid_content":false,"footnotes":"","jetpack_publicize_message":"","jetpack_publicize_feature_enabled":true,"jetpack_social_post_already_shared":false,"jetpack_social_options":{"image_generator_settings":{"template":"highway","default_image_id":0,"font":"","enabled":false},"version":2}},"categories":[1],"tags":[15,21,16],"class_list":["post-341","post","type-post","status-publish","format-standard","hentry","category-uncategorized","tag-ausstellung","tag-nadelkunst","tag-weikersheim"],"jetpack_publicize_connections":[],"jetpack_featured_media_url":"","jetpack_sharing_enabled":true,"_links":{"self":[{"href":"https:\/\/bizi-quilting.de\/index.php?rest_route=\/wp\/v2\/posts\/341","targetHints":{"allow":["GET"]}}],"collection":[{"href":"https:\/\/bizi-quilting.de\/index.php?rest_route=\/wp\/v2\/posts"}],"about":[{"href":"https:\/\/bizi-quilting.de\/index.php?rest_route=\/wp\/v2\/types\/post"}],"author":[{"embeddable":true,"href":"https:\/\/bizi-quilting.de\/index.php?rest_route=\/wp\/v2\/users\/1"}],"replies":[{"embeddable":true,"href":"https:\/\/bizi-quilting.de\/index.php?rest_route=%2Fwp%2Fv2%2Fcomments&post=341"}],"version-history":[{"count":5,"href":"https:\/\/bizi-quilting.de\/index.php?rest_route=\/wp\/v2\/posts\/341\/revisions"}],"predecessor-version":[{"id":622,"href":"https:\/\/bizi-quilting.de\/index.php?rest_route=\/wp\/v2\/posts\/341\/revisions\/622"}],"wp:attachment":[{"href":"https:\/\/bizi-quilting.de\/index.php?rest_route=%2Fwp%2Fv2%2Fmedia&parent=341"}],"wp:term":[{"taxonomy":"category","embeddable":true,"href":"https:\/\/bizi-quilting.de\/index.php?rest_route=%2Fwp%2Fv2%2Fcategories&post=341"},{"taxonomy":"post_tag","embeddable":true,"href":"https:\/\/bizi-quilting.de\/index.php?rest_route=%2Fwp%2Fv2%2Ftags&post=341"}],"curies":[{"name":"wp","href":"https:\/\/api.w.org\/{rel}","templated":true}]}}