{"id":976,"date":"2022-07-04T16:26:23","date_gmt":"2022-07-04T14:26:23","guid":{"rendered":"https:\/\/bizi-quilting.de\/?p=976"},"modified":"2024-02-27T16:10:13","modified_gmt":"2024-02-27T15:10:13","slug":"scrap-in-a-box","status":"publish","type":"post","link":"https:\/\/bizi-quilting.de\/?p=976","title":{"rendered":"Scrap in a box"},"content":{"rendered":"<p>Jede Quilterin hat eine gro\u00dfe Anzahl an Scraps, entweder fein s\u00e4uberlich nach Farben oder Gr\u00f6\u00dfen einsortiert oder einfach schnell in Kartons verstaut.<\/p>\n<p>Vor vielen Jahren hatte ich auch mal mit einer Scrap Therapy begonnen. Dabei wurden Stoffe in 3 verschiedene praktische Quadrate geschnitten: 5 \u00bd\u201c, 3 \u00bd\u201c und 2 \u00bd\u201c, weil damit dann schnell mal Projekte realisiert werden k\u00f6nnen. Mein erstes mit der Longarm gequiltetes Top habe ich mit solchen Quadraten gen\u00e4ht. Mit den vorher schon geschnittenen Quadraten ging das ziemlich schnell. Und die Zeit, um von Resten kleinere Quadrate zu schneiden, f\u00e4llt kaum ins Gewicht. Nur das konsequent durchziehen. &#8230;..ist nicht so meine Sache, leider!<\/p>\n<p><img loading=\"lazy\" decoding=\"async\" class=\"alignnone size-medium wp-image-307\" src=\"https:\/\/bizi-quilting.de\/wp-content\/uploads\/2019\/01\/Bild_5-280x300.jpg\" alt=\"\" width=\"280\" height=\"300\"><br \/>\nWas daraus sonst noch alles entstehen kann, findet Ihr u.a. in den B\u00fcchern von Joan Ford:<\/p>\n<p><span style=\"color: #0f1111;\"><span style=\"font-family: Amazon Ember, Arial, sans-serif;\"><span style=\"font-size: medium;\">ScrapTherapy Cut the Scraps! Und ScrapTherapy Scraps Plus One!<\/span><\/span><\/span><\/p>\n<p>Es ist aber auch eine andere Interpretation von Scrap-in-a-box m\u00f6glich: Kirstin&nbsp;<a href=\"https:\/\/www.instagram.com\/augusthimmel\/\">@augusthimmel<\/a>&nbsp;hatte diese wunderbare Idee des&nbsp;<a href=\"https:\/\/www.instagram.com\/explore\/tags\/scrapinaboxsal\/\">#scrapinaboxsal<\/a><\/p>\n<p>Ein viereckiges St\u00fcckchen Stoff wird von einem anderen Stoff umrahmt, quasi in eine Box gepackt, die 3\u00bd\u201c (incl. NZG) gro\u00df wird. Ob symmetrisch gen\u00e4ht wird oder nicht, ist Geschmackssache. Viele Boxen ergeben dann sch\u00f6ne Mosaikquilts, bei Instagram (<a href=\"https:\/\/www.instagram.com\/explore\/tags\/scrapinabox\/\">#scrapinabox<\/a>) sind schon viele Entw\u00fcrfe zu sehen.<\/p>\n<p>So fix war ich noch nicht, ich n\u00e4he immer mal zwischendurch ein paar Scraps zusammen, wenn ich daran denke und Zeit bzw. Stoff dazu habe. Demn\u00e4chst zeige ich meine Fortschritte.<\/p>\n<p>Bis dahin: Happy quilting!<\/p>\n<p>&nbsp;<\/p>\n<p>&nbsp;<\/p>\n<p>&nbsp;<\/p>\n<p>&nbsp;<\/p>\n","protected":false},"excerpt":{"rendered":"<p>Jede Quilterin hat eine gro\u00dfe Anzahl an Scraps, entweder fein s\u00e4uberlich nach Farben oder Gr\u00f6\u00dfen einsortiert oder einfach schnell in Kartons verstaut. Vor vielen Jahren hatte ich auch mal mit einer Scrap Therapy begonnen. Dabei wurden Stoffe in 3 verschiedene<\/p>\n","protected":false},"author":1,"featured_media":0,"comment_status":"open","ping_status":"open","sticky":false,"template":"","format":"standard","meta":{"ngg_post_thumbnail":0,"_jetpack_memberships_contains_paid_content":false,"footnotes":"","jetpack_publicize_message":"","jetpack_publicize_feature_enabled":true,"jetpack_social_post_already_shared":true,"jetpack_social_options":{"image_generator_settings":{"template":"highway","default_image_id":0,"font":"","enabled":false},"version":2}},"categories":[30,61],"tags":[63],"class_list":["post-976","post","type-post","status-publish","format-standard","hentry","category-patchwork","category-sewalong","tag-scrapquilt"],"jetpack_publicize_connections":[],"jetpack_featured_media_url":"","jetpack_sharing_enabled":true,"_links":{"self":[{"href":"https:\/\/bizi-quilting.de\/index.php?rest_route=\/wp\/v2\/posts\/976","targetHints":{"allow":["GET"]}}],"collection":[{"href":"https:\/\/bizi-quilting.de\/index.php?rest_route=\/wp\/v2\/posts"}],"about":[{"href":"https:\/\/bizi-quilting.de\/index.php?rest_route=\/wp\/v2\/types\/post"}],"author":[{"embeddable":true,"href":"https:\/\/bizi-quilting.de\/index.php?rest_route=\/wp\/v2\/users\/1"}],"replies":[{"embeddable":true,"href":"https:\/\/bizi-quilting.de\/index.php?rest_route=%2Fwp%2Fv2%2Fcomments&post=976"}],"version-history":[{"count":6,"href":"https:\/\/bizi-quilting.de\/index.php?rest_route=\/wp\/v2\/posts\/976\/revisions"}],"predecessor-version":[{"id":1059,"href":"https:\/\/bizi-quilting.de\/index.php?rest_route=\/wp\/v2\/posts\/976\/revisions\/1059"}],"wp:attachment":[{"href":"https:\/\/bizi-quilting.de\/index.php?rest_route=%2Fwp%2Fv2%2Fmedia&parent=976"}],"wp:term":[{"taxonomy":"category","embeddable":true,"href":"https:\/\/bizi-quilting.de\/index.php?rest_route=%2Fwp%2Fv2%2Fcategories&post=976"},{"taxonomy":"post_tag","embeddable":true,"href":"https:\/\/bizi-quilting.de\/index.php?rest_route=%2Fwp%2Fv2%2Ftags&post=976"}],"curies":[{"name":"wp","href":"https:\/\/api.w.org\/{rel}","templated":true}]}}